{"id":4153,"date":"2018-11-21T12:02:42","date_gmt":"2018-11-21T12:02:42","guid":{"rendered":"https:\/\/demo.themeisle.com\/hestia-default\/?p=4153"},"modified":"2019-07-27T23:23:26","modified_gmt":"2019-07-27T23:23:26","slug":"museo","status":"publish","type":"post","link":"https:\/\/www.c4btech.cl\/index.php\/2018\/11\/21\/museo\/","title":{"rendered":"Museo de la Inform\u00e1tica, Espa\u00f1a"},"content":{"rendered":"<h4>Museo de la Inform\u00e1tica<\/h4>\n<p>El Museo de Inform\u00e1tica de la Escola T\u00e8cnica Superior d\u2019Enginyeria Inform\u00e0tica de la Universitat Polit\u00e8cnica de Val\u00e8ncia os ofrece un recorrido a trav\u00e9s de las \u00faltimas d\u00e9cadas de la historia de la Inform\u00e1tica. El museo se<span>\u00a0<\/span><strong>inaugur\u00f3<\/strong><span>\u00a0<\/span>oficialmente el<span>\u00a0<\/span><strong>11 de diciembre de 2001<\/strong>, y ha ido incrementado sus fondos gracias a<span>\u00a0<\/span><strong>donaciones<\/strong><span>\u00a0<\/span>de particulares y de diversas instituciones p\u00fablicas y privadas.<\/p>\n<p>Parte de sus fondos museogr\u00e1ficos se utilizaron en la exposici\u00f3n<span>\u00a0<\/span><strong><em>40 a\u00f1os de Inform\u00e1tica<\/em><\/strong>\u00a0celebrada el a\u00f1o 2006. Adem\u00e1s, en el seno de esta entidad se organizan diversas<span>\u00a0<\/span><strong>actividades culturales<\/strong>, como exposiciones temporales, conferencias y cert\u00e1menes de monograf\u00edas sobre la historia, evoluci\u00f3n y futuro de la Inform\u00e1tica.<\/p>\n<blockquote class=\"wp-embedded-content\" data-secret=\"39blP9kv3B\"><p><a href=\"http:\/\/museo.inf.upv.es\/es\/\"><!--home--><\/a><\/p><\/blockquote>\n<p><iframe title=\"&#171;&lt;!--home--&gt;&#187; &#8212; Museo de Inform\u00e1tica\" class=\"wp-embedded-content\" sandbox=\"allow-scripts\" security=\"restricted\" style=\"position: absolute; clip: rect(1px, 1px, 1px, 1px);\" src=\"http:\/\/museo.inf.upv.es\/es\/embed\/#?secret=39blP9kv3B\" data-secret=\"39blP9kv3B\" width=\"600\" height=\"338\" frameborder=\"0\" marginwidth=\"0\" marginheight=\"0\" scrolling=\"no\"><\/iframe><\/p>\n","protected":false},"excerpt":{"rendered":"<p>Museo de la Inform\u00e1tica El Museo de Inform\u00e1tica de la Escola T\u00e8cnica Superior d\u2019Enginyeria Inform\u00e0tica de la Universitat Polit\u00e8cnica de Val\u00e8ncia os ofrece un recorrido a trav\u00e9s de las \u00faltimas d\u00e9cadas de la historia de la Inform\u00e1tica. El museo se\u00a0inaugur\u00f3\u00a0oficialmente el\u00a011 de diciembre de 2001, y ha ido incrementado sus [&hellip;]<\/p>\n","protected":false},"author":1,"featured_media":4397,"comment_status":"closed","ping_status":"closed","sticky":false,"template":"","format":"standard","meta":[],"categories":[33],"tags":[],"_links":{"self":[{"href":"https:\/\/www.c4btech.cl\/index.php\/wp-json\/wp\/v2\/posts\/4153"}],"collection":[{"href":"https:\/\/www.c4btech.cl\/index.php\/wp-json\/wp\/v2\/posts"}],"about":[{"href":"https:\/\/www.c4btech.cl\/index.php\/wp-json\/wp\/v2\/types\/post"}],"author":[{"embeddable":true,"href":"https:\/\/www.c4btech.cl\/index.php\/wp-json\/wp\/v2\/users\/1"}],"replies":[{"embeddable":true,"href":"https:\/\/www.c4btech.cl\/index.php\/wp-json\/wp\/v2\/comments?post=4153"}],"version-history":[{"count":2,"href":"https:\/\/www.c4btech.cl\/index.php\/wp-json\/wp\/v2\/posts\/4153\/revisions"}],"predecessor-version":[{"id":4398,"href":"https:\/\/www.c4btech.cl\/index.php\/wp-json\/wp\/v2\/posts\/4153\/revisions\/4398"}],"wp:featuredmedia":[{"embeddable":true,"href":"https:\/\/www.c4btech.cl\/index.php\/wp-json\/wp\/v2\/media\/4397"}],"wp:attachment":[{"href":"https:\/\/www.c4btech.cl\/index.php\/wp-json\/wp\/v2\/media?parent=4153"}],"wp:term":[{"taxonomy":"category","embeddable":true,"href":"https:\/\/www.c4btech.cl\/index.php\/wp-json\/wp\/v2\/categories?post=4153"},{"taxonomy":"post_tag","embeddable":true,"href":"https:\/\/www.c4btech.cl\/index.php\/wp-json\/wp\/v2\/tags?post=4153"}],"curies":[{"name":"wp","href":"https:\/\/api.w.org\/{rel}","templated":true}]}}